{"id":367,"date":"2017-04-04T14:39:45","date_gmt":"2017-04-04T11:39:45","guid":{"rendered":"https:\/\/rakennus.maru.ee\/?p=367"},"modified":"2017-09-20T10:01:17","modified_gmt":"2017-09-20T07:01:17","slug":"tonu-kull-lahkus-maru-ehitus-noukogust","status":"publish","type":"post","link":"https:\/\/marurakennus.fi\/et\/uudised\/tonu-kull-lahkus-maru-ehitus-noukogust\/","title":{"rendered":"T\u00f5nu Kull lahkus Maru Ehitus AS-i n\u00f5ukogust"},"content":{"rendered":"<p>Alates 1. aprillist lahkus T\u00f5nu Kull AS-i Maru Ehitus n\u00f5ukogust. Aastatel 2009-2016 ettev\u00f5tte juhatuse esimees olnud T\u00f5nu Kull lahkub ka Maru Ehituse aktsion\u00e4ride ringist. Muudatus toimus T\u00f5nu Kulli omal soovil, vastastikku lugupidavalt ning s\u00f5bralikult. Ettev\u00f5tte n\u00f5ukogu j\u00e4tkab kolmeliikmelisena, Andres Piiberi juhtimisel.<\/p>\n<p>Maru Ehitus AS-i juhatus on kaheliikmeline. Juhatuse esimees on Taimo Murer, kelle vastutusvaldkondadeks on ettev\u00f5tte \u00fcldjuhtimine ja ehitusteenus Eestis. Juhatuse liige Peeter N\u00f5lvaku vastutusvaldkonnaks on ehitusteenuse osutamine v\u00e4lisriikides.<\/p>\n<p>K\u00fcsimuste korral palume Teil \u00fchendust v\u00f5tta Taimo Mureriga, telefonil +372 5300 0228 v\u00f5i kirjalikult e-posti aadressil <a href=\"mailto:Taimo.Murer@marurakennus.fi\">Taimo.Murer@marurakennus.fi<\/a><\/p>\n","protected":false},"excerpt":{"rendered":"<p>Alates 1. aprillist lahkus T\u00f5nu Kull AS-i Maru Ehitus n\u00f5ukogust. Aastatel 2009-2016 ettev\u00f5tte juhatuse esimees olnud T\u00f5nu Kull lahkub ka Maru Ehituse aktsion\u00e4ride ringist. <\/p>\n","protected":false},"author":1,"featured_media":0,"comment_status":"closed","ping_status":"closed","sticky":false,"template":"","format":"standard","meta":[],"categories":[1],"tags":[],"acf":[],"yoast_head":"<!-- This site is optimized with the Yoast SEO plugin v20.0 - https:\/\/yoast.com\/wordpress\/plugins\/seo\/ -->\n<title>T\u00f5nu Kull lahkus Maru Ehitus AS-i n\u00f5ukogust - Maru<\/title>\n<meta name=\"robots\" content=\"index, follow, max-snippet:-1, max-image-preview:large, max-video-preview:-1\" \/>\n<link rel=\"canonical\" href=\"https:\/\/marurakennus.fi\/et\/uudised\/tonu-kull-lahkus-maru-ehitus-noukogust\/\" \/>\n<meta property=\"og:locale\" content=\"et_EE\" \/>\n<meta property=\"og:type\" content=\"article\" \/>\n<meta property=\"og:title\" content=\"T\u00f5nu Kull lahkus Maru Ehitus AS-i n\u00f5ukogust - Maru\" \/>\n<meta property=\"og:description\" content=\"Alates 1. aprillist lahkus T\u00f5nu Kull AS-i Maru Ehitus n\u00f5ukogust. Aastatel 2009-2016 ettev\u00f5tte juhatuse esimees olnud T\u00f5nu Kull lahkub ka Maru Ehituse aktsion\u00e4ride ringist.\" \/>\n<meta property=\"og:url\" content=\"https:\/\/marurakennus.fi\/et\/uudised\/tonu-kull-lahkus-maru-ehitus-noukogust\/\" \/>\n<meta property=\"og:site_name\" content=\"Maru\" \/>\n<meta property=\"article:published_time\" content=\"2017-04-04T11:39:45+00:00\" \/>\n<meta property=\"article:modified_time\" content=\"2017-09-20T07:01:17+00:00\" \/>\n<meta name=\"author\" content=\"admin\" \/>\n<meta name=\"twitter:card\" content=\"summary_large_image\" \/>\n<meta name=\"twitter:label1\" content=\"Written by\" \/>\n\t<meta name=\"twitter:data1\" content=\"admin\" \/>\n\t<meta name=\"twitter:label2\" content=\"Est. reading time\" \/>\n\t<meta name=\"twitter:data2\" content=\"1 minute\" \/>\n<script type=\"application\/ld+json\" class=\"yoast-schema-graph\">{\"@context\":\"https:\/\/schema.org\",\"@graph\":[{\"@type\":\"WebPage\",\"@id\":\"https:\/\/marurakennus.fi\/et\/uudised\/tonu-kull-lahkus-maru-ehitus-noukogust\/\",\"url\":\"https:\/\/marurakennus.fi\/et\/uudised\/tonu-kull-lahkus-maru-ehitus-noukogust\/\",\"name\":\"T\u00f5nu Kull lahkus Maru Ehitus AS-i n\u00f5ukogust - Maru\",\"isPartOf\":{\"@id\":\"https:\/\/marurakennus.fi\/en\/#website\"},\"datePublished\":\"2017-04-04T11:39:45+00:00\",\"dateModified\":\"2017-09-20T07:01:17+00:00\",\"author\":{\"@id\":\"https:\/\/marurakennus.fi\/en\/#\/schema\/person\/edb9f102322a9c5a468bc0b7288f9281\"},\"breadcrumb\":{\"@id\":\"https:\/\/marurakennus.fi\/et\/uudised\/tonu-kull-lahkus-maru-ehitus-noukogust\/#breadcrumb\"},\"inLanguage\":\"et-EE\",\"potentialAction\":[{\"@type\":\"ReadAction\",\"target\":[\"https:\/\/marurakennus.fi\/et\/uudised\/tonu-kull-lahkus-maru-ehitus-noukogust\/\"]}]},{\"@type\":\"BreadcrumbList\",\"@id\":\"https:\/\/marurakennus.fi\/et\/uudised\/tonu-kull-lahkus-maru-ehitus-noukogust\/#breadcrumb\",\"itemListElement\":[{\"@type\":\"ListItem\",\"position\":1,\"name\":\"Home\",\"item\":\"https:\/\/marurakennus.fi\/et\/\"},{\"@type\":\"ListItem\",\"position\":2,\"name\":\"T\u00f5nu Kull lahkus Maru Ehitus AS-i n\u00f5ukogust\"}]},{\"@type\":\"WebSite\",\"@id\":\"https:\/\/marurakennus.fi\/en\/#website\",\"url\":\"https:\/\/marurakennus.fi\/en\/\",\"name\":\"Maru\",\"description\":\"\",\"potentialAction\":[{\"@type\":\"SearchAction\",\"target\":{\"@type\":\"EntryPoint\",\"urlTemplate\":\"https:\/\/marurakennus.fi\/en\/?s={search_term_string}\"},\"query-input\":\"required name=search_term_string\"}],\"inLanguage\":\"et-EE\"},{\"@type\":\"Person\",\"@id\":\"https:\/\/marurakennus.fi\/en\/#\/schema\/person\/edb9f102322a9c5a468bc0b7288f9281\",\"name\":\"admin\"}]}<\/script>\n<!-- \/ Yoast SEO plugin. -->","yoast_head_json":{"title":"T\u00f5nu Kull lahkus Maru Ehitus AS-i n\u00f5ukogust - Maru","robots":{"index":"index","follow":"follow","max-snippet":"max-snippet:-1","max-image-preview":"max-image-preview:large","max-video-preview":"max-video-preview:-1"},"canonical":"https:\/\/marurakennus.fi\/et\/uudised\/tonu-kull-lahkus-maru-ehitus-noukogust\/","og_locale":"et_EE","og_type":"article","og_title":"T\u00f5nu Kull lahkus Maru Ehitus AS-i n\u00f5ukogust - Maru","og_description":"Alates 1. aprillist lahkus T\u00f5nu Kull AS-i Maru Ehitus n\u00f5ukogust. Aastatel 2009-2016 ettev\u00f5tte juhatuse esimees olnud T\u00f5nu Kull lahkub ka Maru Ehituse aktsion\u00e4ride ringist.","og_url":"https:\/\/marurakennus.fi\/et\/uudised\/tonu-kull-lahkus-maru-ehitus-noukogust\/","og_site_name":"Maru","article_published_time":"2017-04-04T11:39:45+00:00","article_modified_time":"2017-09-20T07:01:17+00:00","author":"admin","twitter_card":"summary_large_image","twitter_misc":{"Written by":"admin","Est. reading time":"1 minute"},"schema":{"@context":"https:\/\/schema.org","@graph":[{"@type":"WebPage","@id":"https:\/\/marurakennus.fi\/et\/uudised\/tonu-kull-lahkus-maru-ehitus-noukogust\/","url":"https:\/\/marurakennus.fi\/et\/uudised\/tonu-kull-lahkus-maru-ehitus-noukogust\/","name":"T\u00f5nu Kull lahkus Maru Ehitus AS-i n\u00f5ukogust - Maru","isPartOf":{"@id":"https:\/\/marurakennus.fi\/en\/#website"},"datePublished":"2017-04-04T11:39:45+00:00","dateModified":"2017-09-20T07:01:17+00:00","author":{"@id":"https:\/\/marurakennus.fi\/en\/#\/schema\/person\/edb9f102322a9c5a468bc0b7288f9281"},"breadcrumb":{"@id":"https:\/\/marurakennus.fi\/et\/uudised\/tonu-kull-lahkus-maru-ehitus-noukogust\/#breadcrumb"},"inLanguage":"et-EE","potentialAction":[{"@type":"ReadAction","target":["https:\/\/marurakennus.fi\/et\/uudised\/tonu-kull-lahkus-maru-ehitus-noukogust\/"]}]},{"@type":"BreadcrumbList","@id":"https:\/\/marurakennus.fi\/et\/uudised\/tonu-kull-lahkus-maru-ehitus-noukogust\/#breadcrumb","itemListElement":[{"@type":"ListItem","position":1,"name":"Home","item":"https:\/\/marurakennus.fi\/et\/"},{"@type":"ListItem","position":2,"name":"T\u00f5nu Kull lahkus Maru Ehitus AS-i n\u00f5ukogust"}]},{"@type":"WebSite","@id":"https:\/\/marurakennus.fi\/en\/#website","url":"https:\/\/marurakennus.fi\/en\/","name":"Maru","description":"","potentialAction":[{"@type":"SearchAction","target":{"@type":"EntryPoint","urlTemplate":"https:\/\/marurakennus.fi\/en\/?s={search_term_string}"},"query-input":"required name=search_term_string"}],"inLanguage":"et-EE"},{"@type":"Person","@id":"https:\/\/marurakennus.fi\/en\/#\/schema\/person\/edb9f102322a9c5a468bc0b7288f9281","name":"admin"}]}},"_links":{"self":[{"href":"https:\/\/marurakennus.fi\/et\/wp-json\/wp\/v2\/posts\/367"}],"collection":[{"href":"https:\/\/marurakennus.fi\/et\/wp-json\/wp\/v2\/posts"}],"about":[{"href":"https:\/\/marurakennus.fi\/et\/wp-json\/wp\/v2\/types\/post"}],"author":[{"embeddable":true,"href":"https:\/\/marurakennus.fi\/et\/wp-json\/wp\/v2\/users\/1"}],"replies":[{"embeddable":true,"href":"https:\/\/marurakennus.fi\/et\/wp-json\/wp\/v2\/comments?post=367"}],"version-history":[{"count":1,"href":"https:\/\/marurakennus.fi\/et\/wp-json\/wp\/v2\/posts\/367\/revisions"}],"predecessor-version":[{"id":368,"href":"https:\/\/marurakennus.fi\/et\/wp-json\/wp\/v2\/posts\/367\/revisions\/368"}],"wp:attachment":[{"href":"https:\/\/marurakennus.fi\/et\/wp-json\/wp\/v2\/media?parent=367"}],"wp:term":[{"taxonomy":"category","embeddable":true,"href":"https:\/\/marurakennus.fi\/et\/wp-json\/wp\/v2\/categories?post=367"},{"taxonomy":"post_tag","embeddable":true,"href":"https:\/\/marurakennus.fi\/et\/wp-json\/wp\/v2\/tags?post=367"}],"curies":[{"name":"wp","href":"https:\/\/api.w.org\/{rel}","templated":true}]}}